{"id":5833,"date":"2022-02-25T10:06:42","date_gmt":"2022-02-25T09:06:42","guid":{"rendered":"https:\/\/speho.com\/?p=5833"},"modified":"2022-02-25T10:06:46","modified_gmt":"2022-02-25T09:06:46","slug":"speho-presentara-en-maderalia-un-nuevo-concepto-de-espejos-iluminados","status":"publish","type":"post","link":"https:\/\/speho.com\/es\/speho-presentara-en-maderalia-un-nuevo-concepto-de-espejos-iluminados\/","title":{"rendered":"SPEHO presentar\u00e1 en MADERALIA un nuevo concepto de espejos iluminados"},"content":{"rendered":"\n<p><strong>Del 29 de marzo al 1 de abril en FERIA VALENCIA<\/strong><\/p>\n\n\n\n<p><\/p>\n\n\n\n<p>Desde <strong>SPEHO<\/strong>, aprovecharemos nuestra pr\u00f3xima asistencia a <strong>MADERALIA<\/strong> para dar a conocer un <strong>nuevo concepto de espejos iluminados.<\/strong> Porque la <strong>filosof\u00eda<\/strong> de marca de SPEHO eleva los espejos iluminados a una<strong> nueva dimensi\u00f3n<\/strong>: la de <strong>reinventar el espejo.<\/strong><\/p>\n\n\n\n<p>Y es que, en SPEHO no solo dise\u00f1amos y fabricamos espejos con iluminaci\u00f3n, sino que <strong>vinculamos experiencias,<\/strong> al dotarlos de caracter\u00edsticas que aumentan la <strong>satisfacci\u00f3n del usuario.<\/strong> Siempre en consonancia con un <strong>enfoque est\u00e9tico<\/strong>, capaz de crear un<strong> impacto altamente positivo.<\/strong><\/p>\n\n\n\n<p>Por ello, llevaremos a MADERALIA piezas que se caracterizan por sus <strong>renovadas formas y tama\u00f1os. <\/strong>Utilizando <strong>materiales naturales,<\/strong> como la madera, y cuidando con mimo la <strong>intensidad y la temperatura de<\/strong> color, por su alta capacidad para crear espacios y experiencias diferenciadas.<\/p>\n\n\n\n<p>Todo esto se traduce en espejos de armoniosas <strong>formas poligonales<\/strong>, c\u00e1lidos <strong>marcos de madera,<\/strong> piezas de <strong>grandes tama\u00f1os<\/strong> y, sobre todo, la creaci\u00f3n de<strong> atm\u00f3sferas de iluminaci\u00f3n<\/strong> capaces de alcanzar nuestro lado m\u00e1s <strong>emocional.<\/strong><\/p>\n\n\n\n<p><strong>No dudes en concertar una <a href=\"mailto:projects@speho.com\">cita<\/a> o visitar nuestro stand.<\/strong><\/p>\n\n\n\n<p><\/p>\n\n\n\n<p><\/p>\n\n\n\n<p><\/p>\n","protected":false},"excerpt":{"rendered":"<p>Del 29 de marzo al 1 de abril en FERIA VALENCIA Desde SPEHO, aprovecharemos nuestra pr\u00f3xima asistencia a MADERALIA para dar a conocer un nuevo concepto de espejos iluminados. Porque la filosof\u00eda de marca de SPEHO eleva los espejos iluminados a una nueva dimensi\u00f3n: la de reinventar el espejo. Y es que, en SPEHO no [&hellip;]<\/p>\n","protected":false},"author":3,"featured_media":5834,"comment_status":"closed","ping_status":"closed","sticky":false,"template":"","format":"standard","meta":{"_uag_custom_page_level_css":"","pgc_sgb_lightbox_settings":"","_jetpack_memberships_contains_paid_content":false,"footnotes":"","_links_to":"","_links_to_target":""},"categories":[15],"tags":[179,180,181,183,182,178],"class_list":["post-5833","post","type-post","status-publish","format-standard","has-post-thumbnail","hentry","category-general","tag-espejos","tag-espejosiluminados","tag-iluminacion","tag-led","tag-luminarias","tag-maderalia"],"jetpack_featured_media_url":"https:\/\/speho.com\/wp-content\/uploads\/2022\/02\/linkedin_maderalia_01.jpg","uagb_featured_image_src":{"full":["https:\/\/speho.com\/wp-content\/uploads\/2022\/02\/linkedin_maderalia_01.jpg",1200,700,false],"thumbnail":["https:\/\/speho.com\/wp-content\/uploads\/2022\/02\/linkedin_maderalia_01-150x150.jpg",150,150,true],"medium":["https:\/\/speho.com\/wp-content\/uploads\/2022\/02\/linkedin_maderalia_01-300x175.jpg",300,175,true],"medium_large":["https:\/\/speho.com\/wp-content\/uploads\/2022\/02\/linkedin_maderalia_01-768x448.jpg",768,448,true],"large":["https:\/\/speho.com\/wp-content\/uploads\/2022\/02\/linkedin_maderalia_01-1024x597.jpg",1024,597,true],"1536x1536":["https:\/\/speho.com\/wp-content\/uploads\/2022\/02\/linkedin_maderalia_01.jpg",1200,700,false],"2048x2048":["https:\/\/speho.com\/wp-content\/uploads\/2022\/02\/linkedin_maderalia_01.jpg",1200,700,false],"the_grid_size1":["https:\/\/speho.com\/wp-content\/uploads\/2022\/02\/linkedin_maderalia_01-500x500.jpg",500,500,true],"the_grid_size2":["https:\/\/speho.com\/wp-content\/uploads\/2022\/02\/linkedin_maderalia_01-500x700.jpg",500,700,true],"the_grid_size3":["https:\/\/speho.com\/wp-content\/uploads\/2022\/02\/linkedin_maderalia_01-1000x500.jpg",1000,500,true],"the_grid_size4":["https:\/\/speho.com\/wp-content\/uploads\/2022\/02\/linkedin_maderalia_01-1000x700.jpg",1000,700,true],"the_grid_size5":["https:\/\/speho.com\/wp-content\/uploads\/2022\/02\/linkedin_maderalia_01-500x292.jpg",500,292,true]},"uagb_author_info":{"display_name":"elisa madrid","author_link":"https:\/\/speho.com\/es\/author\/elisa\/"},"uagb_comment_info":0,"uagb_excerpt":"Del 29 de marzo al 1 de abril en FERIA VALENCIA Desde SPEHO, aprovecharemos nuestra pr\u00f3xima asistencia a MADERALIA para dar a conocer un nuevo concepto de espejos iluminados. Porque la filosof\u00eda de marca de SPEHO eleva los espejos iluminados a una nueva dimensi\u00f3n: la de reinventar el espejo. Y es que, en SPEHO no&hellip;","jetpack_sharing_enabled":true,"_links":{"self":[{"href":"https:\/\/speho.com\/es\/wp-json\/wp\/v2\/posts\/5833","targetHints":{"allow":["GET"]}}],"collection":[{"href":"https:\/\/speho.com\/es\/wp-json\/wp\/v2\/posts"}],"about":[{"href":"https:\/\/speho.com\/es\/wp-json\/wp\/v2\/types\/post"}],"author":[{"embeddable":true,"href":"https:\/\/speho.com\/es\/wp-json\/wp\/v2\/users\/3"}],"replies":[{"embeddable":true,"href":"https:\/\/speho.com\/es\/wp-json\/wp\/v2\/comments?post=5833"}],"version-history":[{"count":1,"href":"https:\/\/speho.com\/es\/wp-json\/wp\/v2\/posts\/5833\/revisions"}],"predecessor-version":[{"id":5836,"href":"https:\/\/speho.com\/es\/wp-json\/wp\/v2\/posts\/5833\/revisions\/5836"}],"wp:featuredmedia":[{"embeddable":true,"href":"https:\/\/speho.com\/es\/wp-json\/wp\/v2\/media\/5834"}],"wp:attachment":[{"href":"https:\/\/speho.com\/es\/wp-json\/wp\/v2\/media?parent=5833"}],"wp:term":[{"taxonomy":"category","embeddable":true,"href":"https:\/\/speho.com\/es\/wp-json\/wp\/v2\/categories?post=5833"},{"taxonomy":"post_tag","embeddable":true,"href":"https:\/\/speho.com\/es\/wp-json\/wp\/v2\/tags?post=5833"}],"curies":[{"name":"wp","href":"https:\/\/api.w.org\/{rel}","templated":true}]}}