{"id":6213,"date":"2022-08-04T08:35:22","date_gmt":"2022-08-04T07:35:22","guid":{"rendered":"https:\/\/speho.com\/?p=6213"},"modified":"2022-08-04T08:35:25","modified_gmt":"2022-08-04T07:35:25","slug":"el-proximo-mes-de-octubre-estaremos-de-nuevo-en-interihotel-que-espera-reunir-a-cerca-de-4-600-profesionales","status":"publish","type":"post","link":"https:\/\/speho.com\/es\/el-proximo-mes-de-octubre-estaremos-de-nuevo-en-interihotel-que-espera-reunir-a-cerca-de-4-600-profesionales\/","title":{"rendered":"El pr\u00f3ximo mes de octubre estaremos de nuevo en INTERIHOTEL, que espera reunir a cerca de 4.600 profesionales"},"content":{"rendered":"\n<p>Del <strong>5 al 7 de octubre<\/strong> estaremos presentes en la <strong>22 edici\u00f3n<\/strong> de <strong>INTERIHOTEL<\/strong>, que tendr\u00e1 lugar en <strong>Madrid (IFEMA<\/strong>); y que espera reunir a cerca de <strong>4.600 profesionales<\/strong>. Un encuentro, donde compartiremos espacio con m\u00e1s de <strong>200 marcas especializadas<\/strong> y en el que, bajo el lema <strong><em>\u201cThe joy of making\u201d<\/em><\/strong><em>,<\/em> se pondr\u00e1 en valor el arte de crear <strong>hoteles y restaurantes.<\/strong>&nbsp;<\/p>\n\n\n\n<p>Desde SPEHO mostraremos nuestros <strong>impactantes dise\u00f1os<\/strong> de <strong>espejos iluminados<\/strong> para <strong>espacios de interiorismo<\/strong>. Dise\u00f1os pensados para <strong>inspirar,<\/strong> <strong>imaginar<\/strong>, <strong>crear<\/strong> y <strong>generar nuevas experiencias<\/strong>.&nbsp;<\/p>\n\n\n\n<p><strong>Formas org\u00e1nicas o poligonales, bordes pintados, marcos met\u00e1licos o de madera<\/strong>, <strong>grandes tama\u00f1os, espejos funcionales o con iluminaci\u00f3n ambiente<\/strong>; todo ello para alcanzar la <strong>exclusividad<\/strong> m\u00e1s personalizada. Colecciones pensadas para<strong> generar&nbsp; espacios a los que querer volver.<\/strong><\/p>\n\n\n\n<p>En SPEHO tenemos m\u00e1s de <strong>25 a\u00f1os de experiencia creando luz<\/strong> y aplic\u00e1ndola a los espejos, haciendo realidad los espacios m\u00e1s so\u00f1ados.<\/p>\n\n\n\n<p>Si deseas concertar una cita previa, no dudes en contactar con nosotros.&nbsp;<\/p>\n","protected":false},"excerpt":{"rendered":"<p>Del 5 al 7 de octubre estaremos presentes en la 22 edici\u00f3n de INTERIHOTEL, que tendr\u00e1 lugar en Madrid (IFEMA); y que espera reunir a cerca de 4.600 profesionales. Un encuentro, donde compartiremos espacio con m\u00e1s de 200 marcas especializadas y en el que, bajo el lema \u201cThe joy of making\u201d, se pondr\u00e1 en valor [&hellip;]<\/p>\n","protected":false},"author":3,"featured_media":6214,"comment_status":"closed","ping_status":"closed","sticky":false,"template":"","format":"standard","meta":{"_uag_custom_page_level_css":"","pgc_sgb_lightbox_settings":"","_jetpack_memberships_contains_paid_content":false,"footnotes":"","_links_to":"","_links_to_target":""},"categories":[1],"tags":[],"class_list":["post-6213","post","type-post","status-publish","format-standard","has-post-thumbnail","hentry","category-sin-categorizar"],"jetpack_featured_media_url":"https:\/\/speho.com\/wp-content\/uploads\/2022\/08\/interi.jpg","uagb_featured_image_src":{"full":["https:\/\/speho.com\/wp-content\/uploads\/2022\/08\/interi.jpg",800,600,false],"thumbnail":["https:\/\/speho.com\/wp-content\/uploads\/2022\/08\/interi-150x150.jpg",150,150,true],"medium":["https:\/\/speho.com\/wp-content\/uploads\/2022\/08\/interi-300x225.jpg",300,225,true],"medium_large":["https:\/\/speho.com\/wp-content\/uploads\/2022\/08\/interi-768x576.jpg",768,576,true],"large":["https:\/\/speho.com\/wp-content\/uploads\/2022\/08\/interi.jpg",800,600,false],"1536x1536":["https:\/\/speho.com\/wp-content\/uploads\/2022\/08\/interi.jpg",800,600,false],"2048x2048":["https:\/\/speho.com\/wp-content\/uploads\/2022\/08\/interi.jpg",800,600,false],"the_grid_size1":["https:\/\/speho.com\/wp-content\/uploads\/2022\/08\/interi-500x500.jpg",500,500,true],"the_grid_size2":["https:\/\/speho.com\/wp-content\/uploads\/2022\/08\/interi-500x600.jpg",500,600,true],"the_grid_size3":["https:\/\/speho.com\/wp-content\/uploads\/2022\/08\/interi-800x500.jpg",800,500,true],"the_grid_size4":["https:\/\/speho.com\/wp-content\/uploads\/2022\/08\/interi.jpg",800,600,false],"the_grid_size5":["https:\/\/speho.com\/wp-content\/uploads\/2022\/08\/interi-500x375.jpg",500,375,true]},"uagb_author_info":{"display_name":"elisa madrid","author_link":"https:\/\/speho.com\/es\/author\/elisa\/"},"uagb_comment_info":0,"uagb_excerpt":"Del 5 al 7 de octubre estaremos presentes en la 22 edici\u00f3n de INTERIHOTEL, que tendr\u00e1 lugar en Madrid (IFEMA); y que espera reunir a cerca de 4.600 profesionales. Un encuentro, donde compartiremos espacio con m\u00e1s de 200 marcas especializadas y en el que, bajo el lema \u201cThe joy of making\u201d, se pondr\u00e1 en valor&hellip;","jetpack_sharing_enabled":true,"_links":{"self":[{"href":"https:\/\/speho.com\/es\/wp-json\/wp\/v2\/posts\/6213","targetHints":{"allow":["GET"]}}],"collection":[{"href":"https:\/\/speho.com\/es\/wp-json\/wp\/v2\/posts"}],"about":[{"href":"https:\/\/speho.com\/es\/wp-json\/wp\/v2\/types\/post"}],"author":[{"embeddable":true,"href":"https:\/\/speho.com\/es\/wp-json\/wp\/v2\/users\/3"}],"replies":[{"embeddable":true,"href":"https:\/\/speho.com\/es\/wp-json\/wp\/v2\/comments?post=6213"}],"version-history":[{"count":1,"href":"https:\/\/speho.com\/es\/wp-json\/wp\/v2\/posts\/6213\/revisions"}],"predecessor-version":[{"id":6216,"href":"https:\/\/speho.com\/es\/wp-json\/wp\/v2\/posts\/6213\/revisions\/6216"}],"wp:featuredmedia":[{"embeddable":true,"href":"https:\/\/speho.com\/es\/wp-json\/wp\/v2\/media\/6214"}],"wp:attachment":[{"href":"https:\/\/speho.com\/es\/wp-json\/wp\/v2\/media?parent=6213"}],"wp:term":[{"taxonomy":"category","embeddable":true,"href":"https:\/\/speho.com\/es\/wp-json\/wp\/v2\/categories?post=6213"},{"taxonomy":"post_tag","embeddable":true,"href":"https:\/\/speho.com\/es\/wp-json\/wp\/v2\/tags?post=6213"}],"curies":[{"name":"wp","href":"https:\/\/api.w.org\/{rel}","templated":true}]}}