{"id":6950,"date":"2023-12-14T11:12:15","date_gmt":"2023-12-14T10:12:15","guid":{"rendered":"https:\/\/speho.com\/?p=6950"},"modified":"2023-12-14T11:12:17","modified_gmt":"2023-12-14T10:12:17","slug":"presentamos-la-marca-speho-en-asia","status":"publish","type":"post","link":"https:\/\/speho.com\/es\/presentamos-la-marca-speho-en-asia\/","title":{"rendered":"Presentamos la marca SPEHO en Asia"},"content":{"rendered":"\n<p>Este 2023,\u00a0<strong>nuestra \u00faltima parada ha sido la Guangzhou Design Week<\/strong>, uno de los eventos de dise\u00f1o m\u00e1s relevantes del mercado asi\u00e1tico y, por tanto, un importante punto de encuentro a nivel mundial.<\/p>\n\n\n\n<p>Con esta cita\u00a0<strong>llevamos la marca a Asia<\/strong>\u00a0siguiendo con nuestro plan de expansi\u00f3n. Gracias a que tambi\u00e9n contamos con nuestra propia f\u00e1brica en China, podemos dar servicio directo tanto en este pa\u00eds, como en el continente asi\u00e1tico al completo.\u00a0<\/p>\n\n\n\n<p>Por eso, desde SPEHO\u00a0<strong>hemos asistido con una gama dise\u00f1os exclusivos y una selecci\u00f3n de las \u00faltimas colecciones<\/strong>\u00a0para que los visitantes pudieran descubrirlos en primicia.\u00a0Y regresamos con buenas noticias, ya que firmamos un\u00a0<strong>convenio de colaboraci\u00f3n con la \u00abCanton Construction and Design Association\u00bb.\u00a0\u00a0<\/strong><\/p>\n\n\n\n<p>Un perfecto punto de partida para conocer las nuevas tendencias que definen el interiorismo en esta parte del mundo e inspirar con todo lo que el estilo de nuestra marca SPEHO y la personalizaci\u00f3n de sus modelos pueden sumar a este mercado.<\/p>\n","protected":false},"excerpt":{"rendered":"<p>Este 2023,\u00a0nuestra \u00faltima parada ha sido la Guangzhou Design Week, uno de los eventos de dise\u00f1o m\u00e1s relevantes del mercado asi\u00e1tico y, por tanto, un importante punto de encuentro a nivel mundial. Con esta cita\u00a0llevamos la marca a Asia\u00a0siguiendo con nuestro plan de expansi\u00f3n. Gracias a que tambi\u00e9n contamos con nuestra propia f\u00e1brica en China, [&hellip;]<\/p>\n","protected":false},"author":3,"featured_media":6951,"comment_status":"closed","ping_status":"closed","sticky":false,"template":"","format":"standard","meta":{"_uag_custom_page_level_css":"","pgc_sgb_lightbox_settings":"","_jetpack_memberships_contains_paid_content":false,"footnotes":"","_links_to":"","_links_to_target":""},"categories":[1],"tags":[179,180,181,183,182],"class_list":["post-6950","post","type-post","status-publish","format-standard","has-post-thumbnail","hentry","category-sin-categorizar","tag-espejos","tag-espejosiluminados","tag-iluminacion","tag-led","tag-luminarias"],"jetpack_featured_media_url":"https:\/\/speho.com\/wp-content\/uploads\/2023\/12\/FERIA-CHINA-SPEHO-2023.png","uagb_featured_image_src":{"full":["https:\/\/speho.com\/wp-content\/uploads\/2023\/12\/FERIA-CHINA-SPEHO-2023.png",3840,2560,false],"thumbnail":["https:\/\/speho.com\/wp-content\/uploads\/2023\/12\/FERIA-CHINA-SPEHO-2023-150x150.png",150,150,true],"medium":["https:\/\/speho.com\/wp-content\/uploads\/2023\/12\/FERIA-CHINA-SPEHO-2023-300x200.png",300,200,true],"medium_large":["https:\/\/speho.com\/wp-content\/uploads\/2023\/12\/FERIA-CHINA-SPEHO-2023-768x512.png",768,512,true],"large":["https:\/\/speho.com\/wp-content\/uploads\/2023\/12\/FERIA-CHINA-SPEHO-2023-1024x683.png",1024,683,true],"1536x1536":["https:\/\/speho.com\/wp-content\/uploads\/2023\/12\/FERIA-CHINA-SPEHO-2023-1536x1024.png",1536,1024,true],"2048x2048":["https:\/\/speho.com\/wp-content\/uploads\/2023\/12\/FERIA-CHINA-SPEHO-2023-2048x1365.png",2048,1365,true],"the_grid_size1":["https:\/\/speho.com\/wp-content\/uploads\/2023\/12\/FERIA-CHINA-SPEHO-2023-500x500.png",500,500,true],"the_grid_size2":["https:\/\/speho.com\/wp-content\/uploads\/2023\/12\/FERIA-CHINA-SPEHO-2023-500x1000.png",500,1000,true],"the_grid_size3":["https:\/\/speho.com\/wp-content\/uploads\/2023\/12\/FERIA-CHINA-SPEHO-2023-1000x500.png",1000,500,true],"the_grid_size4":["https:\/\/speho.com\/wp-content\/uploads\/2023\/12\/FERIA-CHINA-SPEHO-2023-1000x1000.png",1000,1000,true],"the_grid_size5":["https:\/\/speho.com\/wp-content\/uploads\/2023\/12\/FERIA-CHINA-SPEHO-2023-500x333.png",500,333,true]},"uagb_author_info":{"display_name":"elisa madrid","author_link":"https:\/\/speho.com\/es\/author\/elisa\/"},"uagb_comment_info":0,"uagb_excerpt":"Este 2023,\u00a0nuestra \u00faltima parada ha sido la Guangzhou Design Week, uno de los eventos de dise\u00f1o m\u00e1s relevantes del mercado asi\u00e1tico y, por tanto, un importante punto de encuentro a nivel mundial. Con esta cita\u00a0llevamos la marca a Asia\u00a0siguiendo con nuestro plan de expansi\u00f3n. Gracias a que tambi\u00e9n contamos con nuestra propia f\u00e1brica en China,&hellip;","jetpack_sharing_enabled":true,"_links":{"self":[{"href":"https:\/\/speho.com\/es\/wp-json\/wp\/v2\/posts\/6950","targetHints":{"allow":["GET"]}}],"collection":[{"href":"https:\/\/speho.com\/es\/wp-json\/wp\/v2\/posts"}],"about":[{"href":"https:\/\/speho.com\/es\/wp-json\/wp\/v2\/types\/post"}],"author":[{"embeddable":true,"href":"https:\/\/speho.com\/es\/wp-json\/wp\/v2\/users\/3"}],"replies":[{"embeddable":true,"href":"https:\/\/speho.com\/es\/wp-json\/wp\/v2\/comments?post=6950"}],"version-history":[{"count":1,"href":"https:\/\/speho.com\/es\/wp-json\/wp\/v2\/posts\/6950\/revisions"}],"predecessor-version":[{"id":6954,"href":"https:\/\/speho.com\/es\/wp-json\/wp\/v2\/posts\/6950\/revisions\/6954"}],"wp:featuredmedia":[{"embeddable":true,"href":"https:\/\/speho.com\/es\/wp-json\/wp\/v2\/media\/6951"}],"wp:attachment":[{"href":"https:\/\/speho.com\/es\/wp-json\/wp\/v2\/media?parent=6950"}],"wp:term":[{"taxonomy":"category","embeddable":true,"href":"https:\/\/speho.com\/es\/wp-json\/wp\/v2\/categories?post=6950"},{"taxonomy":"post_tag","embeddable":true,"href":"https:\/\/speho.com\/es\/wp-json\/wp\/v2\/tags?post=6950"}],"curies":[{"name":"wp","href":"https:\/\/api.w.org\/{rel}","templated":true}]}}